{
    "id": 2169,
    "date": "2014-01-24T07:31:49",
    "date_gmt": "2014-01-24T07:31:49",
    "guid": {
        "rendered": "http:\/\/www.OpenUp.es\/?p=2169"
    },
    "modified": "2024-03-24T20:16:32",
    "modified_gmt": "2024-03-24T20:16:32",
    "slug": "estudio_de_los_cortes_de_energia_en_los_datacenter",
    "status": "publish",
    "type": "post",
    "link": "https:\/\/www.openup.es\/en\/estudio_de_los_cortes_de_energia_en_los_datacenter\/",
    "title": {
        "rendered": "Estudio de los cortes de energ\u00eda en los Data Center"
    },
    "content": {
        "rendered": "<p style=\"text-align: justify;\"><b>Estudio de los cortes de energ\u00eda en los Data Center<a href=\"https:\/\/www.openup.es\/wordpress-new\/wp-content\/uploads\/2014\/01\/light_bulb_world-1.gif\"><img decoding=\"async\" class=\"alignright size-full wp-image-2174\" alt=\"light_bulb_world\" src=\"https:\/\/www.openup.es\/wordpress-new\/wp-content\/uploads\/2014\/01\/light_bulb_world-1.gif\" width=\"105\" height=\"150\" \/><\/a><\/b><\/p>\n<p style=\"text-align: justify;\">El primero estudio de los cortes de energ\u00eda en los Data Center realizado por Emerson fue en el a\u00f1o 2010 y como resultado se comprob\u00f3 que las empresas infravaloraban el impacto de estos cortes en sus operaciones. En el \u00faltimo estudio del a\u00f1o 2013 esto ha cambiado y las empresas est\u00e1n m\u00e1s enfocadas en evitar estos cortes. Se prev\u00e9 que tecnolog\u00edas como el DCIM tengan un impacto positivo en su prevenci\u00f3n.<\/p>\n<p style=\"text-align: justify;\"><a href=\"https:\/\/www.openup.es\/wordpress-new\/wp-content\/uploads\/2014\/01\/Infografia-outage-1.png\"><img fetchpriority=\"high\" decoding=\"async\" class=\"aligncenter size-large wp-image-2171\" alt=\"Infografia outage\" src=\"https:\/\/www.openup.es\/wordpress-new\/wp-content\/uploads\/2014\/01\/Infografia-outage-662x1024.png\" width=\"662\" height=\"1024\" \/><\/a><\/p>\n<p style=\"text-align: justify;\">El estudio fue realizado a 584 personas de USA con responsabilidades en entornos Data Center. El 85% de los encuestados confesaron haber tenido un corte de la energ\u00eda principal en los \u00faltimos 24 meses. El 91 % de las cuales fue un corte no programado. Los puntos principales de este estudio fueron los siguientes:<\/p>\n<p style=\"text-align: justify;\"><b>1.- Sensaciones sobre la criticidad, disponibilidad y los cortes<\/b><\/p>\n<p style=\"text-align: justify;\">Los resultados de la encuesta sugieren que las empresas no tienen planes de contingencia ni de inversi\u00f3n para responder a los cortes de energ\u00eda aunque el 71% de los encuestados reconocen que su plan de negocio depende del data center para generar ingresos y realizar Comercio electr\u00f3nico.<\/p>\n<p style=\"text-align: justify;\">La mayor\u00eda de las empresas encuestadas han tenido un corte en los \u00faltimos 24 meses con una duraci\u00f3n de 91 minutos. La duraci\u00f3n del corte era directamente proporcional a la falta de recurson y a un plan de contingencia.<\/p>\n<p style=\"text-align: justify;\"><b>2.- Tama\u00f1o de los Data Centers y Sectores<\/b><\/p>\n<p style=\"text-align: justify;\">El estudio revela que las empresas de servicios IT y Comercio electr\u00f3nico\u00a0 tienen menor n\u00famero de apagones completos en sus data center. (1.69 y 1.63 respectivamente) Mientras que el sector de la sanidad continua teniendo el mayor impacto con 2.7 de los apagones totales cada dos a\u00f1os.<\/p>\n<p style=\"text-align: justify;\">Otro dato revelador es el tama\u00f1o del data center, entre m\u00e1s grande sea menor ser\u00e1 el n\u00famero de cortes y la duraci\u00f3n del mismo.<\/p>\n<p style=\"text-align: justify;\"><b>3.-\u00a0 Origen de los problemas y Respuestas de las organizaciones<\/b><\/p>\n<p style=\"text-align: justify;\">El 83% de los encuestados reconoce saber el origen de los cortes no planificados de suministro. Las causas principales de los cortes son:<\/p>\n<p style=\"text-align: justify;\">&#8211;\u00a0\u00a0\u00a0\u00a0\u00a0\u00a0\u00a0\u00a0\u00a0 Fallo en las bater\u00edas de las UPS<\/p>\n<p style=\"text-align: justify;\">&#8211;\u00a0\u00a0\u00a0\u00a0\u00a0\u00a0\u00a0\u00a0\u00a0 Exceso de capacidad de la UPS<\/p>\n<p style=\"text-align: justify;\">&#8211;\u00a0\u00a0\u00a0\u00a0\u00a0\u00a0\u00a0\u00a0\u00a0 Error humano<\/p>\n<p style=\"text-align: justify;\">El 52% de los encuestados piensan que todos los cortes no planificados o la mayor\u00eda de ellos podr\u00edan haber sido evitados.\u00a0 La t\u00e1cticas m\u00e1s comunes para evitar el tiempo de corte es invertir en mejorar el equipamiento,\u00a0 mejorar la seguridad y pr\u00e1cticas de prevenci\u00f3n y aumentar el presupuesto.<\/p>\n<p style=\"text-align: justify;\"><a title=\"Estudio Emerson Caidas Centro de Datos\" href=\"https:\/\/www.emersonnetworkpower.com\/documents\/en-us\/brands\/liebert\/documents\/white%20papers\/2013_emerson_data_center_outages_sl-24679.pdf\" target=\"_blank\" rel=\"noopener\">Acceso al estudio completo<\/a><\/p>\n<p style=\"text-align: justify;\">",
        "protected": false
    },
    "excerpt": {
        "rendered": "<p>Estudio de los cortes de energ\u00eda en los Data Center El primero estudio de los cortes de energ\u00eda en los Data Center realizado por Emerson fue en el a\u00f1o 2010 y como resultado se comprob\u00f3 que las empresas infravaloraban el impacto de estos cortes en sus operaciones. En el \u00faltimo estudio del a\u00f1o 2013 esto [&hellip;]<\/p>",
        "protected": false
    },
    "author": 3,
    "featured_media": 2174,
    "comment_status": "open",
    "ping_status": "open",
    "sticky": false,
    "template": "",
    "format": "standard",
    "meta": {
        "site-sidebar-layout": "default",
        "site-content-layout": "",
        "ast-site-content-layout": "default",
        "site-content-style": "default",
        "site-sidebar-style": "default",
        "ast-global-header-display": "",
        "ast-banner-title-visibility": "",
        "ast-main-header-display": "",
        "ast-hfb-above-header-display": "",
        "ast-hfb-below-header-display": "",
        "ast-hfb-mobile-header-display": "",
        "site-post-title": "",
        "ast-breadcrumbs-content": "",
        "ast-featured-img": "",
        "footer-sml-layout": "",
        "ast-disable-related-posts": "",
        "theme-transparent-header-meta": "",
        "adv-header-id-meta": "",
        "stick-header-meta": "",
        "header-above-stick-meta": "",
        "header-main-stick-meta": "",
        "header-below-stick-meta": "",
        "astra-migrate-meta-layouts": "default",
        "ast-page-background-enabled": "default",
        "ast-page-background-meta": {
            "desktop": {
                "background-color": "var(--ast-global-color-4)",
                "background-image": "",
                "background-repeat": "repeat",
                "background-position": "center center",
                "background-size": "auto",
                "background-attachment": "scroll",
                "background-type": "",
                "background-media": "",
                "overlay-type": "",
                "overlay-color": "",
                "overlay-opacity": "",
                "overlay-gradient": ""
            },
            "tablet": {
                "background-color": "",
                "background-image": "",
                "background-repeat": "repeat",
                "background-position": "center center",
                "background-size": "auto",
                "background-attachment": "scroll",
                "background-type": "",
                "background-media": "",
                "overlay-type": "",
                "overlay-color": "",
                "overlay-opacity": "",
                "overlay-gradient": ""
            },
            "mobile": {
                "background-color": "",
                "background-image": "",
                "background-repeat": "repeat",
                "background-position": "center center",
                "background-size": "auto",
                "background-attachment": "scroll",
                "background-type": "",
                "background-media": "",
                "overlay-type": "",
                "overlay-color": "",
                "overlay-opacity": "",
                "overlay-gradient": ""
            }
        },
        "ast-content-background-meta": {
            "desktop": {
                "background-color": "var(--ast-global-color-5)",
                "background-image": "",
                "background-repeat": "repeat",
                "background-position": "center center",
                "background-size": "auto",
                "background-attachment": "scroll",
                "background-type": "",
                "background-media": "",
                "overlay-type": "",
                "overlay-color": "",
                "overlay-opacity": "",
                "overlay-gradient": ""
            },
            "tablet": {
                "background-color": "var(--ast-global-color-5)",
                "background-image": "",
                "background-repeat": "repeat",
                "background-position": "center center",
                "background-size": "auto",
                "background-attachment": "scroll",
                "background-type": "",
                "background-media": "",
                "overlay-type": "",
                "overlay-color": "",
                "overlay-opacity": "",
                "overlay-gradient": ""
            },
            "mobile": {
                "background-color": "var(--ast-global-color-5)",
                "background-image": "",
                "background-repeat": "repeat",
                "background-position": "center center",
                "background-size": "auto",
                "background-attachment": "scroll",
                "background-type": "",
                "background-media": "",
                "overlay-type": "",
                "overlay-color": "",
                "overlay-opacity": "",
                "overlay-gradient": ""
            }
        },
        "footnotes": ""
    },
    "categories": [
        1
    ],
    "tags": [],
    "class_list": [
        "post-2169",
        "post",
        "type-post",
        "status-publish",
        "format-standard",
        "has-post-thumbnail",
        "hentry",
        "category-informacion-tecnica"
    ],
    "yoast_head": "<!-- This site is optimized with the Yoast SEO Premium plugin v27.4 (Yoast SEO v27.4) - https:\/\/yoast.com\/product\/yoast-seo-premium-wordpress\/ -->\n<title>Estudio de los cortes de energ\u00eda en los Data Center - Open Up<\/title>\n<meta name=\"robots\" content=\"index, follow, max-snippet:-1, max-image-preview:large, max-video-preview:-1\" \/>\n<link rel=\"canonical\" href=\"https:\/\/www.openup.es\/en\/estudio_de_los_cortes_de_energia_en_los_datacenter\/\" \/>\n<meta property=\"og:locale\" content=\"en_US\" \/>\n<meta property=\"og:type\" content=\"article\" \/>\n<meta property=\"og:title\" content=\"Estudio de los cortes de energ\u00eda en los Data Center\" \/>\n<meta property=\"og:description\" content=\"Estudio de los cortes de energ\u00eda en los Data Center El primero estudio de los cortes de energ\u00eda en los Data Center realizado por Emerson fue en el a\u00f1o 2010 y como resultado se comprob\u00f3 que las empresas infravaloraban el impacto de estos cortes en sus operaciones. En el \u00faltimo estudio del a\u00f1o 2013 esto [&hellip;]\" \/>\n<meta property=\"og:url\" content=\"https:\/\/www.openup.es\/en\/estudio_de_los_cortes_de_energia_en_los_datacenter\/\" \/>\n<meta property=\"og:site_name\" content=\"Open Up\" \/>\n<meta property=\"article:publisher\" content=\"https:\/\/www.facebook.com\/openup.es\" \/>\n<meta property=\"article:published_time\" content=\"2014-01-24T07:31:49+00:00\" \/>\n<meta property=\"article:modified_time\" content=\"2024-03-24T20:16:32+00:00\" \/>\n<meta name=\"author\" content=\"Redactor\" \/>\n<meta name=\"twitter:card\" content=\"summary_large_image\" \/>\n<meta name=\"twitter:creator\" content=\"@OpenUp\" \/>\n<meta name=\"twitter:site\" content=\"@OpenUp\" \/>\n<meta name=\"twitter:label1\" content=\"Written by\" \/>\n\t<meta name=\"twitter:data1\" content=\"Redactor\" \/>\n\t<meta name=\"twitter:label2\" content=\"Est. reading time\" \/>\n\t<meta name=\"twitter:data2\" content=\"2 minutes\" \/>\n<script type=\"application\/ld+json\" class=\"yoast-schema-graph\">{\"@context\":\"https:\\\/\\\/schema.org\",\"@graph\":[{\"@type\":\"Article\",\"@id\":\"https:\\\/\\\/www.openup.es\\\/estudio_de_los_cortes_de_energia_en_los_datacenter\\\/#article\",\"isPartOf\":{\"@id\":\"https:\\\/\\\/www.openup.es\\\/estudio_de_los_cortes_de_energia_en_los_datacenter\\\/\"},\"author\":{\"name\":\"Redactor\",\"@id\":\"https:\\\/\\\/www.openup.es\\\/es\\\/#\\\/schema\\\/person\\\/1d8843ba6f0e74b59c60f0ac4a663e54\"},\"headline\":\"Estudio de los cortes de energ\u00eda en los Data Center\",\"datePublished\":\"2014-01-24T07:31:49+00:00\",\"dateModified\":\"2024-03-24T20:16:32+00:00\",\"mainEntityOfPage\":{\"@id\":\"https:\\\/\\\/www.openup.es\\\/estudio_de_los_cortes_de_energia_en_los_datacenter\\\/\"},\"wordCount\":438,\"commentCount\":0,\"publisher\":{\"@id\":\"https:\\\/\\\/www.openup.es\\\/es\\\/#organization\"},\"image\":{\"@id\":\"https:\\\/\\\/www.openup.es\\\/estudio_de_los_cortes_de_energia_en_los_datacenter\\\/#primaryimage\"},\"thumbnailUrl\":\"\",\"articleSection\":[\"Informaci\u00f3n T\u00e9cnica\"],\"inLanguage\":\"en-US\",\"potentialAction\":[{\"@type\":\"CommentAction\",\"name\":\"Comment\",\"target\":[\"https:\\\/\\\/www.openup.es\\\/estudio_de_los_cortes_de_energia_en_los_datacenter\\\/#respond\"]}]},{\"@type\":\"WebPage\",\"@id\":\"https:\\\/\\\/www.openup.es\\\/estudio_de_los_cortes_de_energia_en_los_datacenter\\\/\",\"url\":\"https:\\\/\\\/www.openup.es\\\/estudio_de_los_cortes_de_energia_en_los_datacenter\\\/\",\"name\":\"Estudio de los cortes de energ\u00eda en los Data Center - Open Up\",\"isPartOf\":{\"@id\":\"https:\\\/\\\/www.openup.es\\\/es\\\/#website\"},\"primaryImageOfPage\":{\"@id\":\"https:\\\/\\\/www.openup.es\\\/estudio_de_los_cortes_de_energia_en_los_datacenter\\\/#primaryimage\"},\"image\":{\"@id\":\"https:\\\/\\\/www.openup.es\\\/estudio_de_los_cortes_de_energia_en_los_datacenter\\\/#primaryimage\"},\"thumbnailUrl\":\"\",\"datePublished\":\"2014-01-24T07:31:49+00:00\",\"dateModified\":\"2024-03-24T20:16:32+00:00\",\"breadcrumb\":{\"@id\":\"https:\\\/\\\/www.openup.es\\\/estudio_de_los_cortes_de_energia_en_los_datacenter\\\/#breadcrumb\"},\"inLanguage\":\"en-US\",\"potentialAction\":[{\"@type\":\"ReadAction\",\"target\":[\"https:\\\/\\\/www.openup.es\\\/estudio_de_los_cortes_de_energia_en_los_datacenter\\\/\"]}]},{\"@type\":\"ImageObject\",\"inLanguage\":\"en-US\",\"@id\":\"https:\\\/\\\/www.openup.es\\\/estudio_de_los_cortes_de_energia_en_los_datacenter\\\/#primaryimage\",\"url\":\"\",\"contentUrl\":\"\"},{\"@type\":\"BreadcrumbList\",\"@id\":\"https:\\\/\\\/www.openup.es\\\/estudio_de_los_cortes_de_energia_en_los_datacenter\\\/#breadcrumb\",\"itemListElement\":[{\"@type\":\"ListItem\",\"position\":1,\"name\":\"Portada\",\"item\":\"https:\\\/\\\/www.openup.es\\\/\"},{\"@type\":\"ListItem\",\"position\":2,\"name\":\"Estudio de los cortes de energ\u00eda en los Data Center\"}]},{\"@type\":\"WebSite\",\"@id\":\"https:\\\/\\\/www.openup.es\\\/es\\\/#website\",\"url\":\"https:\\\/\\\/www.openup.es\\\/es\\\/\",\"name\":\"Open Up\",\"description\":\"Soluciones Y Servicios Integrales En Centro De Datos\",\"publisher\":{\"@id\":\"https:\\\/\\\/www.openup.es\\\/es\\\/#organization\"},\"potentialAction\":[{\"@type\":\"SearchAction\",\"target\":{\"@type\":\"EntryPoint\",\"urlTemplate\":\"https:\\\/\\\/www.openup.es\\\/es\\\/?s={search_term_string}\"},\"query-input\":{\"@type\":\"PropertyValueSpecification\",\"valueRequired\":true,\"valueName\":\"search_term_string\"}}],\"inLanguage\":\"en-US\"},{\"@type\":\"Organization\",\"@id\":\"https:\\\/\\\/www.openup.es\\\/es\\\/#organization\",\"name\":\"Open Up\",\"url\":\"https:\\\/\\\/www.openup.es\\\/es\\\/\",\"logo\":{\"@type\":\"ImageObject\",\"inLanguage\":\"en-US\",\"@id\":\"https:\\\/\\\/www.openup.es\\\/es\\\/#\\\/schema\\\/logo\\\/image\\\/\",\"url\":\"https:\\\/\\\/www.openup.es\\\/wp-content\\\/uploads\\\/2023\\\/12\\\/title-1.webp\",\"contentUrl\":\"https:\\\/\\\/www.openup.es\\\/wp-content\\\/uploads\\\/2023\\\/12\\\/title-1.webp\",\"width\":207,\"height\":80,\"caption\":\"Open Up\"},\"image\":{\"@id\":\"https:\\\/\\\/www.openup.es\\\/es\\\/#\\\/schema\\\/logo\\\/image\\\/\"},\"sameAs\":[\"https:\\\/\\\/www.facebook.com\\\/openup.es\",\"https:\\\/\\\/x.com\\\/OpenUp\",\"https:\\\/\\\/www.linkedin.com\\\/company\\\/5022740\\\/admin\\\/feed\\\/posts\\\/\",\"https:\\\/\\\/www.youtube.com\\\/@openup474\\\/videos\"]},{\"@type\":\"Person\",\"@id\":\"https:\\\/\\\/www.openup.es\\\/es\\\/#\\\/schema\\\/person\\\/1d8843ba6f0e74b59c60f0ac4a663e54\",\"name\":\"Redactor\",\"url\":\"https:\\\/\\\/www.openup.es\\\/en\\\/author\\\/redactor\\\/\"}]}<\/script>\n<!-- \/ Yoast SEO Premium plugin. -->",
    "yoast_head_json": {
        "title": "Estudio de los cortes de energ\u00eda en los Data Center - Open Up",
        "robots": {
            "index": "index",
            "follow": "follow",
            "max-snippet": "max-snippet:-1",
            "max-image-preview": "max-image-preview:large",
            "max-video-preview": "max-video-preview:-1"
        },
        "canonical": "https:\/\/www.openup.es\/en\/estudio_de_los_cortes_de_energia_en_los_datacenter\/",
        "og_locale": "en_US",
        "og_type": "article",
        "og_title": "Estudio de los cortes de energ\u00eda en los Data Center",
        "og_description": "Estudio de los cortes de energ\u00eda en los Data Center El primero estudio de los cortes de energ\u00eda en los Data Center realizado por Emerson fue en el a\u00f1o 2010 y como resultado se comprob\u00f3 que las empresas infravaloraban el impacto de estos cortes en sus operaciones. En el \u00faltimo estudio del a\u00f1o 2013 esto [&hellip;]",
        "og_url": "https:\/\/www.openup.es\/en\/estudio_de_los_cortes_de_energia_en_los_datacenter\/",
        "og_site_name": "Open Up",
        "article_publisher": "https:\/\/www.facebook.com\/openup.es",
        "article_published_time": "2014-01-24T07:31:49+00:00",
        "article_modified_time": "2024-03-24T20:16:32+00:00",
        "author": "Redactor",
        "twitter_card": "summary_large_image",
        "twitter_creator": "@OpenUp",
        "twitter_site": "@OpenUp",
        "twitter_misc": {
            "Written by": "Redactor",
            "Est. reading time": "2 minutes"
        },
        "schema": {
            "@context": "https:\/\/schema.org",
            "@graph": [
                {
                    "@type": "Article",
                    "@id": "https:\/\/www.openup.es\/estudio_de_los_cortes_de_energia_en_los_datacenter\/#article",
                    "isPartOf": {
                        "@id": "https:\/\/www.openup.es\/estudio_de_los_cortes_de_energia_en_los_datacenter\/"
                    },
                    "author": {
                        "name": "Redactor",
                        "@id": "https:\/\/www.openup.es\/es\/#\/schema\/person\/1d8843ba6f0e74b59c60f0ac4a663e54"
                    },
                    "headline": "Estudio de los cortes de energ\u00eda en los Data Center",
                    "datePublished": "2014-01-24T07:31:49+00:00",
                    "dateModified": "2024-03-24T20:16:32+00:00",
                    "mainEntityOfPage": {
                        "@id": "https:\/\/www.openup.es\/estudio_de_los_cortes_de_energia_en_los_datacenter\/"
                    },
                    "wordCount": 438,
                    "commentCount": 0,
                    "publisher": {
                        "@id": "https:\/\/www.openup.es\/es\/#organization"
                    },
                    "image": {
                        "@id": "https:\/\/www.openup.es\/estudio_de_los_cortes_de_energia_en_los_datacenter\/#primaryimage"
                    },
                    "thumbnailUrl": "",
                    "articleSection": [
                        "Informaci\u00f3n T\u00e9cnica"
                    ],
                    "inLanguage": "en-US",
                    "potentialAction": [
                        {
                            "@type": "CommentAction",
                            "name": "Comment",
                            "target": [
                                "https:\/\/www.openup.es\/estudio_de_los_cortes_de_energia_en_los_datacenter\/#respond"
                            ]
                        }
                    ]
                },
                {
                    "@type": "WebPage",
                    "@id": "https:\/\/www.openup.es\/estudio_de_los_cortes_de_energia_en_los_datacenter\/",
                    "url": "https:\/\/www.openup.es\/estudio_de_los_cortes_de_energia_en_los_datacenter\/",
                    "name": "Estudio de los cortes de energ\u00eda en los Data Center - Open Up",
                    "isPartOf": {
                        "@id": "https:\/\/www.openup.es\/es\/#website"
                    },
                    "primaryImageOfPage": {
                        "@id": "https:\/\/www.openup.es\/estudio_de_los_cortes_de_energia_en_los_datacenter\/#primaryimage"
                    },
                    "image": {
                        "@id": "https:\/\/www.openup.es\/estudio_de_los_cortes_de_energia_en_los_datacenter\/#primaryimage"
                    },
                    "thumbnailUrl": "",
                    "datePublished": "2014-01-24T07:31:49+00:00",
                    "dateModified": "2024-03-24T20:16:32+00:00",
                    "breadcrumb": {
                        "@id": "https:\/\/www.openup.es\/estudio_de_los_cortes_de_energia_en_los_datacenter\/#breadcrumb"
                    },
                    "inLanguage": "en-US",
                    "potentialAction": [
                        {
                            "@type": "ReadAction",
                            "target": [
                                "https:\/\/www.openup.es\/estudio_de_los_cortes_de_energia_en_los_datacenter\/"
                            ]
                        }
                    ]
                },
                {
                    "@type": "ImageObject",
                    "inLanguage": "en-US",
                    "@id": "https:\/\/www.openup.es\/estudio_de_los_cortes_de_energia_en_los_datacenter\/#primaryimage",
                    "url": "",
                    "contentUrl": ""
                },
                {
                    "@type": "BreadcrumbList",
                    "@id": "https:\/\/www.openup.es\/estudio_de_los_cortes_de_energia_en_los_datacenter\/#breadcrumb",
                    "itemListElement": [
                        {
                            "@type": "ListItem",
                            "position": 1,
                            "name": "Portada",
                            "item": "https:\/\/www.openup.es\/"
                        },
                        {
                            "@type": "ListItem",
                            "position": 2,
                            "name": "Estudio de los cortes de energ\u00eda en los Data Center"
                        }
                    ]
                },
                {
                    "@type": "WebSite",
                    "@id": "https:\/\/www.openup.es\/es\/#website",
                    "url": "https:\/\/www.openup.es\/es\/",
                    "name": "Open Up",
                    "description": "Soluciones Y Servicios Integrales En Centro De Datos",
                    "publisher": {
                        "@id": "https:\/\/www.openup.es\/es\/#organization"
                    },
                    "potentialAction": [
                        {
                            "@type": "SearchAction",
                            "target": {
                                "@type": "EntryPoint",
                                "urlTemplate": "https:\/\/www.openup.es\/es\/?s={search_term_string}"
                            },
                            "query-input": {
                                "@type": "PropertyValueSpecification",
                                "valueRequired": true,
                                "valueName": "search_term_string"
                            }
                        }
                    ],
                    "inLanguage": "en-US"
                },
                {
                    "@type": "Organization",
                    "@id": "https:\/\/www.openup.es\/es\/#organization",
                    "name": "Open Up",
                    "url": "https:\/\/www.openup.es\/es\/",
                    "logo": {
                        "@type": "ImageObject",
                        "inLanguage": "en-US",
                        "@id": "https:\/\/www.openup.es\/es\/#\/schema\/logo\/image\/",
                        "url": "https:\/\/www.openup.es\/wp-content\/uploads\/2023\/12\/title-1.webp",
                        "contentUrl": "https:\/\/www.openup.es\/wp-content\/uploads\/2023\/12\/title-1.webp",
                        "width": 207,
                        "height": 80,
                        "caption": "Open Up"
                    },
                    "image": {
                        "@id": "https:\/\/www.openup.es\/es\/#\/schema\/logo\/image\/"
                    },
                    "sameAs": [
                        "https:\/\/www.facebook.com\/openup.es",
                        "https:\/\/x.com\/OpenUp",
                        "https:\/\/www.linkedin.com\/company\/5022740\/admin\/feed\/posts\/",
                        "https:\/\/www.youtube.com\/@openup474\/videos"
                    ]
                },
                {
                    "@type": "Person",
                    "@id": "https:\/\/www.openup.es\/es\/#\/schema\/person\/1d8843ba6f0e74b59c60f0ac4a663e54",
                    "name": "Redactor",
                    "url": "https:\/\/www.openup.es\/en\/author\/redactor\/"
                }
            ]
        }
    },
    "_links": {
        "self": [
            {
                "href": "https:\/\/www.openup.es\/en\/wp-json\/wp\/v2\/posts\/2169",
                "targetHints": {
                    "allow": [
                        "GET"
                    ]
                }
            }
        ],
        "collection": [
            {
                "href": "https:\/\/www.openup.es\/en\/wp-json\/wp\/v2\/posts"
            }
        ],
        "about": [
            {
                "href": "https:\/\/www.openup.es\/en\/wp-json\/wp\/v2\/types\/post"
            }
        ],
        "author": [
            {
                "embeddable": true,
                "href": "https:\/\/www.openup.es\/en\/wp-json\/wp\/v2\/users\/3"
            }
        ],
        "replies": [
            {
                "embeddable": true,
                "href": "https:\/\/www.openup.es\/en\/wp-json\/wp\/v2\/comments?post=2169"
            }
        ],
        "version-history": [
            {
                "count": 1,
                "href": "https:\/\/www.openup.es\/en\/wp-json\/wp\/v2\/posts\/2169\/revisions"
            }
        ],
        "predecessor-version": [
            {
                "id": 4666,
                "href": "https:\/\/www.openup.es\/en\/wp-json\/wp\/v2\/posts\/2169\/revisions\/4666"
            }
        ],
        "wp:featuredmedia": [
            {
                "embeddable": true,
                "href": "https:\/\/www.openup.es\/en\/wp-json\/"
            }
        ],
        "wp:attachment": [
            {
                "href": "https:\/\/www.openup.es\/en\/wp-json\/wp\/v2\/media?parent=2169"
            }
        ],
        "wp:term": [
            {
                "taxonomy": "category",
                "embeddable": true,
                "href": "https:\/\/www.openup.es\/en\/wp-json\/wp\/v2\/categories?post=2169"
            },
            {
                "taxonomy": "post_tag",
                "embeddable": true,
                "href": "https:\/\/www.openup.es\/en\/wp-json\/wp\/v2\/tags?post=2169"
            }
        ],
        "curies": [
            {
                "name": "wp",
                "href": "https:\/\/api.w.org\/{rel}",
                "templated": true
            }
        ]
    }
}